[{"@context":"https:\/\/schema.org\/","@type":"Article","@id":"https:\/\/www.sfkzv.sk\/aby-bola-zahrada-krasna-aj-v-zime\/#Article","mainEntityOfPage":"https:\/\/www.sfkzv.sk\/aby-bola-zahrada-krasna-aj-v-zime\/","headline":"Aby bola z\u00e1hrada kr\u00e1sna aj v zime","name":"Aby bola z\u00e1hrada kr\u00e1sna aj v zime","description":"Z\u00e1kladom kr\u00e1snej z\u00e1hrady, aj po\u010das zimn\u00fdch mesiacov, je najme spr\u00e1vna kombin\u00e1cia drev\u00edn. Listnat\u00e9 stromy s\u00fa kr\u00e1sne, ale v\u00a0zime ost\u00e1vaj\u00fa hol\u00e9 &hellip; <a href=\"https:\/\/www.sfkzv.sk\/aby-bola-zahrada-krasna-aj-v-zime\/\" class=\"more-link\"><span class=\"more-button\">Pre\u010d\u00edta\u0165<span class=\"screen-reader-text\">Aby bola z\u00e1hrada kr\u00e1sna aj v zime<\/span><\/span><\/a>","datePublished":"2018-10-19","dateModified":"2023-07-21","author":{"@type":"Person","@id":"https:\/\/www.sfkzv.sk\/author\/#Person","name":"","url":"https:\/\/www.sfkzv.sk\/author\/","identifier":1,"image":{"@type":"ImageObject","@id":"https:\/\/secure.gravatar.com\/avatar\/325464d7e09ffe52889ba6983accc5cdb65d0a54acd9a25cd7e409bd3eba713a?s=96&d=mm&r=g","url":"https:\/\/secure.gravatar.com\/avatar\/325464d7e09ffe52889ba6983accc5cdb65d0a54acd9a25cd7e409bd3eba713a?s=96&d=mm&r=g","height":96,"width":96}},"publisher":{"@type":"Organization","name":"sfkzv.sk","logo":{"@type":"ImageObject","@id":"\/logo.png","url":"\/logo.png","width":600,"height":60}},"image":{"@type":"ImageObject","@id":"https:\/\/www.sfkzv.sk\/wp-content\/uploads\/img_a294820_w16581_t1545233790.jpg","url":"https:\/\/www.sfkzv.sk\/wp-content\/uploads\/img_a294820_w16581_t1545233790.jpg","height":0,"width":0},"url":"https:\/\/www.sfkzv.sk\/aby-bola-zahrada-krasna-aj-v-zime\/","wordCount":393,"articleBody":"Z\u00e1kladom kr\u00e1snej z\u00e1hrady, aj po\u010das zimn\u00fdch mesiacov, je najme spr\u00e1vna kombin\u00e1cia drev\u00edn. Listnat\u00e9 stromy s\u00fa kr\u00e1sne, ale v\u00a0zime ost\u00e1vaj\u00fa hol\u00e9 a\u00a0bez l\u00edstia, tak\u017ee nem\u00f4\u017eeme hovori\u0165 o\u00a0v\u00fdraznom estetickom prvku. Preto by ste ich mali v\u017edy kombinova\u0165 so v\u017edyzelen\u00fdmi drevinami. Z\u00e1kladom s\u00fa ihli\u010dnany, ktor\u00e9 nezhadzuj\u00fa ihli\u010die ani na zimu. Hovor\u00edme napr\u00edklad o\u00a0boroviciach, smrekoch, alebo tujach. Ak chcete aby to bolo vo va\u0161ej z\u00e1hrade \u010do najpestrej\u0161ie, zvo\u013ete r\u00f4zne kultivary a\u00a0odrody. Tvar taktie\u017e nemus\u00ed by\u0165 jednotn\u00fd. Niektor\u00e9 stromy m\u00f4\u017eete strihan\u00edm tvarova\u0165 napr\u00edklad do ku\u017ee\u013eov. Okrem tohto sp\u00f4sobu \u00fapravy pozn\u00e1me aj tvary gu\u013eovit\u00e9, st\u013apovit\u00e9, kalichovit\u00e9, alebo poliehav\u00e9.Okrem klasick\u00fdch ihli\u010dnanov si m\u00f4\u017eete vysadi\u0165 aj r\u00f4zne druhy kosodreviny. T\u00e1 z\u00e1hradu o\u017eiv\u00ed \u00a0nie len po\u010das zimy. Medzi \u010fal\u0161ie v\u017edyzelen\u00e9 dreviny, ktor\u00e9 v\u0161ak plnia aj v\u00fdrazn\u00fa estetick\u00fa funkciu, patria ozdobn\u00e9 cypru\u0161teky.\u00a0Smrekovce na zimu s\u00edce opadaj\u00fa, ale na ich vetv\u00e1ch ost\u00e1vaj\u00fa visie\u0165 \u0161i\u0161ky, ktor\u00e9 p\u00f4sobia ve\u013emi dekorat\u00edvne. Navy\u0161e dlh\u00e9 spusten\u00e9 kon\u00e1re, vyzeraj\u00fa pekne ja bez ihli\u010dia. Podobne p\u00f4sobia aj \u00a0smutn\u00e9 v\u0155by, ktor\u00e9 s\u00edce ostan\u00fa bez l\u00edstia, ale na kr\u00e1se nestr\u00e1caj\u00fa ani vtedy. \u00a0\u010eal\u0161\u00edmi drevinami, ktor\u00e9 skr\u00e1\u0161lia z\u00e1hradu aj pod snehom, s\u00fa listnat\u00e9 neopadav\u00e9 stromy. Medzi najbe\u017enej\u0161ie pestovan\u00e9 patria napr\u00edklad rododendrony. Maj\u00fa kr\u00e1sne, s\u00fdto zelen\u00e9 a\u00a0m\u00e4sit\u00e9 listy. V\u00a0lete v\u00e1s naopak pote\u0161ia n\u00e1dhern\u00fdmi kvetmi. Medzi \u010fal\u0161ie v\u017edyzelen\u00e9 listnat\u00e9 stromy patria vavr\u00ednovec lek\u00e1rsky, kalina vr\u00e1skavolist\u00e1, alebo br\u0161len Fortuneho.\u00a0Dobrou vo\u013ebou je aj tis. Na zimu s\u00edce listy zhod\u00ed, av\u0161ak na sami\u010d\u00edch rastlin\u00e1ch ostan\u00fa mal\u00e9 \u010derven\u00e9 bobu\u013eky. Na rozdiel od v\u0161etk\u00fdch ostatn\u00fdch \u010dast\u00ed tisu, nie s\u00fa jedovat\u00e9. \u00a0Buxus oby\u010dajn\u00fd, zn\u00e1mej\u0161\u00ed pod n\u00e1zvom kru\u0161p\u00e1n, v\u00e1m z\u00e1hradu taktie\u017e skr\u00e1\u0161li po\u010das cel\u00e9ho roka. S\u00a0pomedzi rastl\u00edn je najvhodnej\u0161\u00ed bre\u010dtan. Ke\u010f\u017ee ide o\u00a0pop\u00ednav\u00fa rastlinu, m\u00f4\u017eete ho zasadi\u0165 k\u00a0opadav\u00fdm drevin\u00e1m, tak\u017ee ich bude skr\u00e1\u0161\u013eova\u0165 aj po\u010das zimy.                                                                                                                                                                                                                                                                                                                                                                                        4.3\/5 - (12 votes)        "},{"@context":"https:\/\/schema.org\/","@type":"BreadcrumbList","itemListElement":[{"@type":"ListItem","position":1,"name":"Aby bola z\u00e1hrada kr\u00e1sna aj v zime","item":"https:\/\/www.sfkzv.sk\/aby-bola-zahrada-krasna-aj-v-zime\/#breadcrumbitem"}]}]