[{"@context":"https:\/\/schema.org\/","@type":"Article","@id":"https:\/\/www.sfkzv.sk\/cez-leto-nas-trapia-alergie\/#Article","mainEntityOfPage":"https:\/\/www.sfkzv.sk\/cez-leto-nas-trapia-alergie\/","headline":"Cez leto n\u00e1s tr\u00e1pia alergie","name":"Cez leto n\u00e1s tr\u00e1pia alergie","description":"Prejavy alergie s\u00fa vlastne neprimeran\u00e9 reakcie imunitn\u00e9ho syst\u00e9mu organizmu \u013eud\u00ed. Je to chyba v\u00a0jednom zo \u0161pecifick\u00fdch imunoglolbul\u00ednov typu E (IgE). &hellip; <a href=\"https:\/\/www.sfkzv.sk\/cez-leto-nas-trapia-alergie\/\" class=\"more-link\"><span class=\"more-button\">Pre\u010d\u00edta\u0165<span class=\"screen-reader-text\">Cez leto n\u00e1s tr\u00e1pia alergie<\/span><\/span><\/a>","datePublished":"2019-05-25","dateModified":"2023-07-21","author":{"@type":"Person","@id":"https:\/\/www.sfkzv.sk\/author\/#Person","name":"","url":"https:\/\/www.sfkzv.sk\/author\/","identifier":1,"image":{"@type":"ImageObject","@id":"https:\/\/secure.gravatar.com\/avatar\/325464d7e09ffe52889ba6983accc5cdb65d0a54acd9a25cd7e409bd3eba713a?s=96&d=mm&r=g","url":"https:\/\/secure.gravatar.com\/avatar\/325464d7e09ffe52889ba6983accc5cdb65d0a54acd9a25cd7e409bd3eba713a?s=96&d=mm&r=g","height":96,"width":96}},"publisher":{"@type":"Organization","name":"sfkzv.sk","logo":{"@type":"ImageObject","@id":"\/logo.png","url":"\/logo.png","width":600,"height":60}},"image":{"@type":"ImageObject","@id":"https:\/\/www.sfkzv.sk\/wp-content\/uploads\/img_a303424_w16523_t1563993589.jpg","url":"https:\/\/www.sfkzv.sk\/wp-content\/uploads\/img_a303424_w16523_t1563993589.jpg","height":0,"width":0},"url":"https:\/\/www.sfkzv.sk\/cez-leto-nas-trapia-alergie\/","about":["Zdravie"],"wordCount":368,"articleBody":"Prejavy alergie s\u00fa vlastne neprimeran\u00e9 reakcie imunitn\u00e9ho syst\u00e9mu organizmu \u013eud\u00ed. Je to chyba v\u00a0jednom zo \u0161pecifick\u00fdch imunoglolbul\u00ednov typu E (IgE). Alerg\u00e9nom sa stane l\u00e1tka, ktor\u00e1 sa be\u017ene vyskytuje v\u00a0okol\u00ed precitliven\u00e9ho jedinca. Naj\u010dastej\u0161\u00edmi pr\u00edznakmi s\u00fa siln\u00e9 v\u00fdtoky z\u00a0nosa v\u00a0podobe priesvitn\u00e9ho hlienu, k\u00fdchanie a\u00a0ka\u0161e\u013e, ktor\u00e9 s\u00fa sprev\u00e1dzan\u00e9 slzen\u00edm, svrben\u00edm a\u00a0p\u00e1len\u00edm o\u010d\u00ed. Za\u010dervenan\u00e1 poko\u017eka m\u00f4\u017ee by\u0165 taktie\u017e jedn\u00fdm zo sympt\u00f3mov, dokonca mnoh\u00e9 \u0161t\u00fadie dokazuj\u00fa, \u017ee alergie m\u00f4\u017eu sp\u00f4sobova\u0165 aj boles\u0165 hrdla a\u00a0zl\u00fa n\u00e1ladu.Mnoho \u013eud\u00ed pripisuje v\u00fdtok hlienov a\u00a0\u010dast\u00e9 k\u00fdchanie n\u00e1dche, \u010di prechladnut\u00ed \u2013 to ale nemus\u00ed by\u0165 pravda. Alergick\u00fd ochoren\u00edm m\u00f4\u017ee trpie\u0165 ktoko\u013evek, objavuje sa nielen v\u00a0detstve ale aj v\u00a0dospelosti, \u010di starobe. Vo vy\u0161\u0161om veku m\u00f4\u017ee pri nedostato\u010dnej lie\u010dbe a\u00a0vyh\u00fdban\u00ed sa alerg\u00e9nom prer\u00e1s\u0165 a\u017e do astmy, ktor\u00e1 predstavuje ove\u013ea vy\u0161\u0161ie riziko pri probl\u00e9moch s\u00a0d\u00fdchan\u00edm. Toto ochorenie si vy\u017eaduje lek\u00e1rsku pomoc, netreba ju podce\u0148ova\u0165.Ak chceme t\u00fato chorobu\u00a0porazi\u0165, mali by sme sa zamyslie\u0165 nad t\u00fdm, \u010do ju podnecuje a\u00a0pre\u010do vlastne vznik\u00e1. Alergick\u00e9 reakcie sa za\u010dali vo ve\u013ekom rozv\u00edja\u0165 pribli\u017ene v\u00a0sedemdesiatych a\u017e osemdesiatych rokoch minul\u00e9ho storo\u010dia. Vedci kone\u010dne preb\u00e1dali svet vitam\u00ednov a\u00a0narazili na \u010fal\u0161\u00ed probl\u00e9m vyskytuj\u00faci sa \u010doraz \u010dastej\u0161ie. Bohu\u017eia\u013e do dnes neexistuj lieky, ktor\u00e9 by alergiu \u00faplne zni\u010dili, no existuj\u00fa napr\u00edklad antihistaminik\u00e1, ktor\u00e9 jej priebeh pozastavuj\u00fa a\u00a0zmier\u0148uj\u00fa nepr\u00edjemn\u00e9 pr\u00edznaky. Proti alergii prispieva aj lep\u0161ia \u017eivotospr\u00e1va ako aj zv\u00fd\u0161en\u00fd pr\u00edjem esenci\u00e1lnych makro i\u00a0mikro\u017e\u00edv\u00edn. Vznik alergie toti\u017e sp\u00f4sobuje hlavne zne\u010disten\u00e9 \u017eivotn\u00e9 prostredie pln\u00e9 exhal\u00e1tov z\u00a0dopravy a\u00a0priemyslu, prehnan\u00e1 hygiena spojen\u00e1 s\u00a0vy\u0161\u0161\u00edm mno\u017estvom pracieho pr\u00e1\u0161ku na pranie a\u00a0v\u00a0neposlednom rade je to v\u00fd\u017eiva doj\u010diat. Mnoho matiek toti\u017e dostato\u010dne nekoj\u00ed svoje deti, a\u00a0tak im ned\u00e1va \u017eiviny potrebn\u00e9 pre stavbu prirodzen\u00fdch imunitn\u00fdch mechanizmov.                                                                                                                                                                                                                                                                                                                                                                                        4\/5 - (12 votes)        "},{"@context":"https:\/\/schema.org\/","@type":"BreadcrumbList","itemListElement":[{"@type":"ListItem","position":1,"name":"Cez leto n\u00e1s tr\u00e1pia alergie","item":"https:\/\/www.sfkzv.sk\/cez-leto-nas-trapia-alergie\/#breadcrumbitem"}]}]