{"@context":"https:\/\/schema.org\/","@type":"CollectionPage","@id":"https:\/\/www.sfkzv.sk\/elektro\/#CollectionPage","headline":"Elektro Category","description":"","url":"https:\/\/www.sfkzv.sk\/elektro\/","hasPart":[{"@type":"Article","@id":"https:\/\/www.sfkzv.sk\/spotrebice-pri-vareni\/","headline":"Spotrebi\u010de pri varen\u00ed","url":"https:\/\/www.sfkzv.sk\/spotrebice-pri-vareni\/","datePublished":"2024-02-16","dateModified":"2024-07-16","mainEntityOfPage":"https:\/\/www.sfkzv.sk\/spotrebice-pri-vareni\/","author":{"@type":"Person","@id":"https:\/\/www.sfkzv.sk\/author\/#Person","name":"","url":"https:\/\/www.sfkzv.sk\/author\/","identifier":1,"image":{"@type":"ImageObject","@id":"https:\/\/secure.gravatar.com\/avatar\/325464d7e09ffe52889ba6983accc5cdb65d0a54acd9a25cd7e409bd3eba713a?s=96&d=mm&r=g","url":"https:\/\/secure.gravatar.com\/avatar\/325464d7e09ffe52889ba6983accc5cdb65d0a54acd9a25cd7e409bd3eba713a?s=96&d=mm&r=g","height":96,"width":96}},"publisher":{"@type":"Organization","name":"sfkzv.sk","logo":{"@type":"ImageObject","@id":"\/logo.png","url":"\/logo.png","width":600,"height":60}},"image":{"@type":"ImageObject","@id":"https:\/\/www.sfkzv.sk\/wp-content\/uploads\/kitchen-1421018_640.jpg","url":"https:\/\/www.sfkzv.sk\/wp-content\/uploads\/kitchen-1421018_640.jpg","height":0,"width":0},"keywords":null},{"@type":"Article","@id":"https:\/\/www.sfkzv.sk\/skusili-ste-elektricke-auticko\/","headline":"Sk\u00fasili ste elektrick\u00e9 aut\u00ed\u010dko?","url":"https:\/\/www.sfkzv.sk\/skusili-ste-elektricke-auticko\/","datePublished":"2018-09-29","dateModified":"2023-07-21","mainEntityOfPage":"https:\/\/www.sfkzv.sk\/skusili-ste-elektricke-auticko\/","author":{"@type":"Person","@id":"https:\/\/www.sfkzv.sk\/author\/#Person","name":"","url":"https:\/\/www.sfkzv.sk\/author\/","identifier":1,"image":{"@type":"ImageObject","@id":"https:\/\/secure.gravatar.com\/avatar\/325464d7e09ffe52889ba6983accc5cdb65d0a54acd9a25cd7e409bd3eba713a?s=96&d=mm&r=g","url":"https:\/\/secure.gravatar.com\/avatar\/325464d7e09ffe52889ba6983accc5cdb65d0a54acd9a25cd7e409bd3eba713a?s=96&d=mm&r=g","height":96,"width":96}},"publisher":{"@type":"Organization","name":"sfkzv.sk","logo":{"@type":"ImageObject","@id":"\/logo.png","url":"\/logo.png","width":600,"height":60}},"image":{"@type":"ImageObject","@id":"https:\/\/www.sfkzv.sk\/wp-content\/uploads\/img_a294133_w16523_t1543521564.jpg","url":"https:\/\/www.sfkzv.sk\/wp-content\/uploads\/img_a294133_w16523_t1543521564.jpg","height":0,"width":0},"keywords":null},{"@type":"Article","@id":"https:\/\/www.sfkzv.sk\/ake-stroje-na-cvicenie-si-mozete-zadovazit-aj-domov\/","headline":"Ak\u00e9 stroje na cvi\u010denie si m\u00f4\u017eete zadov\u00e1\u017ei\u0165 aj domov?","url":"https:\/\/www.sfkzv.sk\/ake-stroje-na-cvicenie-si-mozete-zadovazit-aj-domov\/","datePublished":"2018-09-15","dateModified":"2023-07-21","mainEntityOfPage":"https:\/\/www.sfkzv.sk\/ake-stroje-na-cvicenie-si-mozete-zadovazit-aj-domov\/","author":{"@type":"Person","@id":"https:\/\/www.sfkzv.sk\/author\/#Person","name":"","url":"https:\/\/www.sfkzv.sk\/author\/","identifier":1,"image":{"@type":"ImageObject","@id":"https:\/\/secure.gravatar.com\/avatar\/325464d7e09ffe52889ba6983accc5cdb65d0a54acd9a25cd7e409bd3eba713a?s=96&d=mm&r=g","url":"https:\/\/secure.gravatar.com\/avatar\/325464d7e09ffe52889ba6983accc5cdb65d0a54acd9a25cd7e409bd3eba713a?s=96&d=mm&r=g","height":96,"width":96}},"publisher":{"@type":"Organization","name":"sfkzv.sk","logo":{"@type":"ImageObject","@id":"\/logo.png","url":"\/logo.png","width":600,"height":60}},"image":{"@type":"ImageObject","@id":"https:\/\/www.sfkzv.sk\/wp-content\/uploads\/img_a293378_w16523_t1542298745.jpg","url":"https:\/\/www.sfkzv.sk\/wp-content\/uploads\/img_a293378_w16523_t1542298745.jpg","height":0,"width":0},"keywords":null},{"@type":"Article","@id":"https:\/\/www.sfkzv.sk\/rura-na-pecenie\/","headline":"R\u00fara na pe\u010denie","url":"https:\/\/www.sfkzv.sk\/rura-na-pecenie\/","datePublished":"2018-04-21","dateModified":"2023-07-21","mainEntityOfPage":"https:\/\/www.sfkzv.sk\/rura-na-pecenie\/","author":{"@type":"Person","@id":"https:\/\/www.sfkzv.sk\/author\/#Person","name":"","url":"https:\/\/www.sfkzv.sk\/author\/","identifier":1,"image":{"@type":"ImageObject","@id":"https:\/\/secure.gravatar.com\/avatar\/325464d7e09ffe52889ba6983accc5cdb65d0a54acd9a25cd7e409bd3eba713a?s=96&d=mm&r=g","url":"https:\/\/secure.gravatar.com\/avatar\/325464d7e09ffe52889ba6983accc5cdb65d0a54acd9a25cd7e409bd3eba713a?s=96&d=mm&r=g","height":96,"width":96}},"publisher":{"@type":"Organization","name":"sfkzv.sk","logo":{"@type":"ImageObject","@id":"\/logo.png","url":"\/logo.png","width":600,"height":60}},"image":{"@type":"ImageObject","@id":"https:\/\/www.sfkzv.sk\/wp-content\/uploads\/img_a288710_w16523_t1529591479.jpg","url":"https:\/\/www.sfkzv.sk\/wp-content\/uploads\/img_a288710_w16523_t1529591479.jpg","height":0,"width":0},"keywords":null},{"@type":"Article","@id":"https:\/\/www.sfkzv.sk\/je-tato-aplikacia-skutocne-prekliata-alebo-je-v-tom-nieco-ine\/","headline":"Je t\u00e1to aplik\u00e1cia skuto\u010dne prekliata, alebo je v tom nie\u010do in\u00e9?","url":"https:\/\/www.sfkzv.sk\/je-tato-aplikacia-skutocne-prekliata-alebo-je-v-tom-nieco-ine\/","datePublished":"2018-01-13","dateModified":"2023-07-21","mainEntityOfPage":"https:\/\/www.sfkzv.sk\/je-tato-aplikacia-skutocne-prekliata-alebo-je-v-tom-nieco-ine\/","author":{"@type":"Person","@id":"https:\/\/www.sfkzv.sk\/author\/#Person","name":"","url":"https:\/\/www.sfkzv.sk\/author\/","identifier":1,"image":{"@type":"ImageObject","@id":"https:\/\/secure.gravatar.com\/avatar\/325464d7e09ffe52889ba6983accc5cdb65d0a54acd9a25cd7e409bd3eba713a?s=96&d=mm&r=g","url":"https:\/\/secure.gravatar.com\/avatar\/325464d7e09ffe52889ba6983accc5cdb65d0a54acd9a25cd7e409bd3eba713a?s=96&d=mm&r=g","height":96,"width":96}},"publisher":{"@type":"Organization","name":"sfkzv.sk","logo":{"@type":"ImageObject","@id":"\/logo.png","url":"\/logo.png","width":600,"height":60}},"image":{"@type":"ImageObject","@id":"https:\/\/www.sfkzv.sk\/wp-content\/uploads\/img_a285744_w16523_t1520954809.jpg","url":"https:\/\/www.sfkzv.sk\/wp-content\/uploads\/img_a285744_w16523_t1520954809.jpg","height":0,"width":0},"keywords":null}]}